{"id":3498,"date":"2025-10-17T15:20:09","date_gmt":"2025-10-17T12:20:09","guid":{"rendered":"https:\/\/efactuurhub.be\/?p=3498"},"modified":"2025-10-17T15:28:27","modified_gmt":"2025-10-17T12:28:27","slug":"peppol-e-facturatie-in-belgie-verplicht-vanaf-2026","status":"publish","type":"post","link":"https:\/\/efactuurhub.be\/fr\/peppol-e-facturatie-in-belgie-verplicht-vanaf-2026\/","title":{"rendered":"Peppol en e-facturatie in Belgi\u00eb: wat je moet weten voor 2026\u00a0"},"content":{"rendered":"<p class=\"has-ast-global-color-8-color has-text-color has-link-color wp-elements-1 wp-block-paragraph\"><strong>E-facturatie<\/strong> wordt binnenkort de standaard in Belgi\u00eb. Vanaf <strong>1 januari 2026<\/strong> moeten heel wat ondernemers hun facturen verplicht verzenden via <strong>Peppol<\/strong>. Wat betekent dat precies, waarom is Peppol ingevoerd en wie moet eraan voldoen? Hier lees je het overzichtelijk uitgelegd.\u00a0<\/p>\n\n\n\n<h2 class=\"wp-block-heading has-medium-font-size\"><strong>Wat is Peppol e-facturatie?<\/strong>\u00a0<\/h2>\n\n\n\n<p class=\"has-ast-global-color-8-color has-text-color has-link-color wp-elements-2 wp-block-paragraph\"><strong>Peppol<\/strong> is een <strong>veilig digitaal netwerk<\/strong> waarmee bedrijven elektronische documenten \u2013 zoals verkoopfacturen en creditnota\u2019s \u2013 rechtstreeks naar elkaar kunnen sturen.&nbsp;<br>Je kunt het zien als de digitale versie van de post, maar dan volledig geautomatiseerd:&nbsp;<\/p>\n\n\n\n<ul class=\"wp-block-list has-ast-global-color-8-color has-text-color has-link-color wp-elements-3\">\n<li>Bij de post gebruik je een brief en het postnetwerk.\u00a0<\/li>\n<\/ul>\n\n\n\n<ul class=\"wp-block-list has-ast-global-color-8-color has-text-color has-link-color wp-elements-4\">\n<li>Via e-mail stuur je berichten via het internet.\u00a0<\/li>\n<\/ul>\n\n\n\n<ul class=\"wp-block-list has-ast-global-color-8-color has-text-color has-link-color wp-elements-5\">\n<li>Avec <strong>e-facturatie via Peppol<\/strong> wordt je factuur omgezet naar gestructureerde data en veilig doorgestuurd naar de software van je klant.\u00a0<\/li>\n<\/ul>\n\n\n\n<p class=\"has-ast-global-color-8-color has-text-color has-link-color wp-elements-6 wp-block-paragraph\">Omdat het om data gaat en niet om een PDF, kan je klant de factuur <strong>automatisch inlezen<\/strong> in zijn boekhouding \u2013 zonder fouten of manuele invoer.&nbsp;<\/p>\n\n\n\n<div class=\"wp-block-uagb-image uagb-block-7d49fb2d wp-block-uagb-image--layout-default wp-block-uagb-image--effect-static wp-block-uagb-image--align-none\"><figure class=\"wp-block-uagb-image__figure\"><img data-recalc-dims=\"1\" loading=\"lazy\" decoding=\"async\" src=\"https:\/\/efactuurhub.be\/wp-content\/uploads\/2025\/10\/peppol-logo-1.png?resize=276%2C193\" alt=\"\" class=\"uag-image-3440\" width=\"276\" height=\"193\" title=\"peppol logo\" role=\"img\" \/><\/figure><\/div>\n\n\n\n<p class=\"wp-block-paragraph\"><\/p>\n\n\n\n<h2 class=\"wp-block-heading has-ast-global-color-8-color has-text-color has-link-color has-medium-font-size wp-elements-7\"><strong>De voordelen van e-facturatie via Peppol<\/strong>&nbsp;<\/h2>\n\n\n\n<p class=\"has-ast-global-color-8-color has-text-color has-link-color wp-elements-8 wp-block-paragraph\">Factureren via Peppol heeft veel voordelen, maar twee springen eruit:&nbsp;<\/p>\n\n\n\n<ol start=\"1\" class=\"wp-block-list has-ast-global-color-8-color has-text-color has-link-color wp-elements-9\">\n<li><strong>Minder kans op fraude<\/strong> \u2013 Iedere verzender en ontvanger wordt ge\u00efdentificeerd binnen het Peppol-netwerk. Dat maakt het vrijwel onmogelijk om valse facturen te verzenden in naam van een ander bedrijf.\u00a0<\/li>\n<\/ol>\n\n\n\n<ol start=\"2\" class=\"wp-block-list has-ast-global-color-8-color has-text-color has-link-color wp-elements-10\">\n<li><strong>Tijdbesparing<\/strong> \u2013 Facturen komen direct terecht in het boekhoudpakket van je klant. Geen overtypwerk meer, minder fouten, en snellere verwerking.\u00a0<\/li>\n<\/ol>\n\n\n\n<p class=\"has-ast-global-color-8-color has-text-color has-link-color wp-elements-11 wp-block-paragraph\">Bovendien kan je met een <strong>gratis e-facturatie Peppol-oplossing<\/strong> al starten en het proces testen voor 2026.&nbsp;<\/p>\n\n\n\n<h2 class=\"wp-block-heading has-ast-global-color-8-color has-text-color has-link-color has-medium-font-size wp-elements-12\"><strong>Wanneer wordt Peppol verplicht?<\/strong>&nbsp;<\/h2>\n\n\n\n<p class=\"has-ast-global-color-8-color has-text-color has-link-color wp-elements-13 wp-block-paragraph\">Vanaf <strong>1 januari 2026<\/strong> wordt <strong>Peppol e-facturatie verplicht<\/strong> voor alle verkoopfacturen en creditnota\u2019s tussen Belgische bedrijven (B2B).&nbsp;<\/p>\n\n\n\n<p class=\"has-ast-global-color-8-color has-text-color has-link-color wp-elements-14 wp-block-paragraph\">De verplichting geldt voor:&nbsp;<\/p>\n\n\n\n<ul class=\"wp-block-list has-ast-global-color-8-color has-text-color has-link-color wp-elements-15\">\n<li><strong>Btw-plichtige ondernemingen<\/strong>\u00a0<\/li>\n<\/ul>\n\n\n\n<ul class=\"wp-block-list has-ast-global-color-8-color has-text-color has-link-color wp-elements-16\">\n<li><strong>Btw-vrijgestelde ondernemingen<\/strong> (zoals kleine bedrijven met een jaaromzet onder \u20ac25.000)\u00a0<\/li>\n<\/ul>\n\n\n\n<p class=\"has-ast-global-color-8-color has-text-color has-link-color wp-elements-17 wp-block-paragraph\">Het is verstandig om <strong>nu al te beginnen<\/strong> met Peppol, zodat je bedrijf goed voorbereid is tegen de deadline.&nbsp;<\/p>\n\n\n\n<p class=\"has-ast-global-color-8-color has-text-color has-link-color wp-elements-18 wp-block-paragraph\"><strong>Wie is vrijgesteld van de verplichting?<\/strong>&nbsp;<\/p>\n\n\n\n<p class=\"has-ast-global-color-8-color has-text-color has-link-color wp-elements-19 wp-block-paragraph\">Niet alle ondernemers moeten Peppol gebruiken. <strong>Niet btw plichtige beroepen<\/strong>, zoals artsen, kinesisten en verpleegkundigen, vallen buiten de verplichting.\u00a0<\/p>\n\n\n\n<p class=\"has-ast-global-color-8-color has-text-color has-link-color wp-elements-20 wp-block-paragraph\">Ook facturen aan <strong>particulieren (B2C)<\/strong> of <strong>buitenlandse bedrijven<\/strong> hoef je niet via Peppol te sturen \u2013 al wordt dit in de toekomst wellicht eenvoudiger via internationale Peppol-uitbreidingen.&nbsp;<\/p>\n\n\n\n<div class=\"wp-block-uagb-image uagb-block-28ddd526 wp-block-uagb-image--layout-default wp-block-uagb-image--effect-static wp-block-uagb-image--align-none\"><figure class=\"wp-block-uagb-image__figure\"><img data-recalc-dims=\"1\" loading=\"lazy\" decoding=\"async\" src=\"https:\/\/efactuurhub.be\/wp-content\/uploads\/2025\/10\/ChatGPT-Image-1-Tem-2025-12_51_10.png?resize=643%2C429\" alt=\"Invoice - Peppol\" class=\"uag-image-3510\" width=\"643\" height=\"429\" title=\"Invoice - Peppol\" role=\"img\" \/><\/figure><\/div>\n\n\n\n<p class=\"wp-block-paragraph\"><\/p>\n\n\n\n<h2 class=\"wp-block-heading has-ast-global-color-8-color has-text-color has-link-color has-medium-font-size wp-elements-21\"><strong>Welke documenten vallen onder e-facturatie Peppol?<\/strong>&nbsp;<\/h2>\n\n\n\n<p class=\"has-ast-global-color-8-color has-text-color has-link-color wp-elements-22 wp-block-paragraph\">De verplichting geldt enkel voor:&nbsp;<\/p>\n\n\n\n<ul class=\"wp-block-list has-ast-global-color-8-color has-text-color has-link-color wp-elements-23\">\n<li><strong>Verkoopfacturen<\/strong>\u00a0<\/li>\n<\/ul>\n\n\n\n<ul class=\"wp-block-list has-ast-global-color-8-color has-text-color has-link-color wp-elements-24\">\n<li><strong>Creditnota\u2019s<\/strong>\u00a0<\/li>\n<\/ul>\n\n\n\n<p class=\"has-ast-global-color-8-color has-text-color has-link-color wp-elements-25 wp-block-paragraph\">Andere documenten, zoals offertes of werkbonnen, vallen buiten de regelgeving en kunnen niet via Peppol worden verzonden.&nbsp;<\/p>\n\n\n\n<h2 class=\"wp-block-heading has-ast-global-color-8-color has-text-color has-link-color has-medium-font-size wp-elements-26\"><strong>Hoe begin je met Peppol e-facturatie?<\/strong>&nbsp;<\/h2>\n\n\n\n<p class=\"has-ast-global-color-8-color has-text-color has-link-color wp-elements-27 wp-block-paragraph\">Je hoeft zelf niets technisch te configureren. De meeste <strong>boekhoud en facturatiesoftware<\/strong> is al gekoppeld met Peppol.\u00a0<\/p>\n\n\n\n<p class=\"has-ast-global-color-8-color has-text-color has-link-color wp-elements-28 wp-block-paragraph\">In moderne tools (zoals eFactuurHub) kun je:&nbsp;<\/p>\n\n\n\n<ol start=\"1\" class=\"wp-block-list has-ast-global-color-8-color has-text-color has-link-color wp-elements-29\">\n<li>Je identiteit verifi\u00ebren via <strong>itsme<\/strong>.\u00a0<\/li>\n<\/ol>\n\n\n\n<ol start=\"2\" class=\"wp-block-list has-ast-global-color-8-color has-text-color has-link-color wp-elements-30\">\n<li>Controleren of je klant is aangesloten op Peppol.\u00a0<\/li>\n<\/ol>\n\n\n\n<ol start=\"3\" class=\"wp-block-list has-ast-global-color-8-color has-text-color has-link-color wp-elements-31\">\n<li>Je facturen <strong>automatisch laten bezorgen<\/strong> via het netwerk.\u00a0<\/li>\n<\/ol>\n\n\n\n<p class=\"has-ast-global-color-8-color has-text-color has-link-color wp-elements-32 wp-block-paragraph\">Vanaf 2026 moet je ook <strong>aankoopfacturen kunnen ontvangen via Peppol<\/strong>, zodat de volledige facturatiestroom digitaal verloopt.&nbsp;<\/p>\n\n\n\n<h2 class=\"wp-block-heading has-ast-global-color-8-color has-text-color has-link-color has-medium-font-size wp-elements-33\"><strong>Klaar voor de toekomst van e-facturatie<\/strong>&nbsp;<\/h2>\n\n\n\n<p class=\"has-ast-global-color-8-color has-text-color has-link-color wp-elements-34 wp-block-paragraph\">Met Peppol wordt factureren eenvoudiger, veiliger en sneller. Je merkt nauwelijks verschil in je dagelijkse routine \u2013 behalve dat alles <strong>vlotter en foutloos<\/strong> verloopt.&nbsp;<\/p>\n\n\n\n<p class=\"wp-block-paragraph\"><\/p>","protected":false},"excerpt":{"rendered":"<p>E-facturatie wordt binnenkort de standaard in Belgi\u00eb. Vanaf 1 januari 2026 moeten heel wat ondernemers hun facturen verplicht verzenden via [&hellip;]<\/p>\n","protected":false},"author":263848013,"featured_media":3507,"comment_status":"open","ping_status":"open","sticky":false,"template":"","format":"standard","meta":{"_uag_custom_page_level_css":"","site-sidebar-layout":"default","site-content-layout":"","ast-site-content-layout":"default","site-content-style":"default","site-sidebar-style":"default","ast-global-header-display":"","ast-banner-title-visibility":"","ast-main-header-display":"","ast-hfb-above-header-display":"","ast-hfb-below-header-display":"","ast-hfb-mobile-header-display":"","site-post-title":"","ast-breadcrumbs-content":"","ast-featured-img":"","footer-sml-layout":"","ast-disable-related-posts":"","theme-transparent-header-meta":"","adv-header-id-meta":"","stick-header-meta":"","header-above-stick-meta":"","header-main-stick-meta":"","header-below-stick-meta":"","astra-migrate-meta-layouts":"default","ast-page-background-enabled":"default","ast-page-background-meta":{"desktop":{"background-color":"var(--ast-global-color-5)","background-image":"","background-repeat":"repeat","background-position":"center center","background-size":"auto","background-attachment":"scroll","background-type":"","background-media":"","overlay-type":"","overlay-color":"","overlay-opacity":"","overlay-gradient":""},"tablet":{"background-color":"","background-image":"","background-repeat":"repeat","background-position":"center center","background-size":"auto","background-attachment":"scroll","background-type":"","background-media":"","overlay-type":"","overlay-color":"","overlay-opacity":"","overlay-gradient":""},"mobile":{"background-color":"","background-image":"","background-repeat":"repeat","background-position":"center center","background-size":"auto","background-attachment":"scroll","background-type":"","background-media":"","overlay-type":"","overlay-color":"","overlay-opacity":"","overlay-gradient":""}},"ast-content-background-meta":{"desktop":{"background-color":"var(--ast-global-color-4)","background-image":"","background-repeat":"repeat","background-position":"center center","background-size":"auto","background-attachment":"scroll","background-type":"","background-media":"","overlay-type":"","overlay-color":"","overlay-opacity":"","overlay-gradient":""},"tablet":{"background-color":"var(--ast-global-color-4)","background-image":"","background-repeat":"repeat","background-position":"center center","background-size":"auto","background-attachment":"scroll","background-type":"","background-media":"","overlay-type":"","overlay-color":"","overlay-opacity":"","overlay-gradient":""},"mobile":{"background-color":"var(--ast-global-color-4)","background-image":"","background-repeat":"repeat","background-position":"center center","background-size":"auto","background-attachment":"scroll","background-type":"","background-media":"","overlay-type":"","overlay-color":"","overlay-opacity":"","overlay-gradient":""}},"_jetpack_newsletter_access":"","_jetpack_dont_email_post_to_subs":false,"_jetpack_newsletter_tier_id":0,"_jetpack_memberships_contains_paywalled_content":false,"_wpcom_ai_launchpad_first_post":false,"_jetpack_feature_clip_id":0,"_jetpack_memberships_contains_paid_content":false,"footnotes":"","jetpack_post_was_ever_published":false},"categories":[1],"tags":[],"class_list":["post-3498","post","type-post","status-publish","format-standard","has-post-thumbnail","hentry","category-uncategorized"],"uagb_featured_image_src":{"full":["https:\/\/efactuurhub.be\/wp-content\/uploads\/2025\/10\/Ekran-Resmi-2025-10-17-15.22.17.png?fit=1126%2C676",1126,676,false],"thumbnail":["https:\/\/efactuurhub.be\/wp-content\/uploads\/2025\/10\/Ekran-Resmi-2025-10-17-15.22.17.png?resize=150%2C150",150,150,true],"medium":["https:\/\/efactuurhub.be\/wp-content\/uploads\/2025\/10\/Ekran-Resmi-2025-10-17-15.22.17.png?fit=300%2C180",300,180,true],"medium_large":["https:\/\/efactuurhub.be\/wp-content\/uploads\/2025\/10\/Ekran-Resmi-2025-10-17-15.22.17.png?fit=768%2C461",768,461,true],"large":["https:\/\/efactuurhub.be\/wp-content\/uploads\/2025\/10\/Ekran-Resmi-2025-10-17-15.22.17.png?fit=1024%2C615",1024,615,true],"1536x1536":["https:\/\/efactuurhub.be\/wp-content\/uploads\/2025\/10\/Ekran-Resmi-2025-10-17-15.22.17.png?fit=1126%2C676",1126,676,true],"2048x2048":["https:\/\/efactuurhub.be\/wp-content\/uploads\/2025\/10\/Ekran-Resmi-2025-10-17-15.22.17.png?fit=1126%2C676",1126,676,true],"trp-custom-language-flag":["https:\/\/efactuurhub.be\/wp-content\/uploads\/2025\/10\/Ekran-Resmi-2025-10-17-15.22.17.png?fit=18%2C12",18,12,true],"newspack-article-block-landscape-large":["https:\/\/efactuurhub.be\/wp-content\/uploads\/2025\/10\/Ekran-Resmi-2025-10-17-15.22.17.png?resize=1126%2C676",1126,676,true],"newspack-article-block-portrait-large":["https:\/\/efactuurhub.be\/wp-content\/uploads\/2025\/10\/Ekran-Resmi-2025-10-17-15.22.17.png?resize=900%2C676",900,676,true],"newspack-article-block-square-large":["https:\/\/efactuurhub.be\/wp-content\/uploads\/2025\/10\/Ekran-Resmi-2025-10-17-15.22.17.png?resize=1126%2C676",1126,676,true],"newspack-article-block-landscape-medium":["https:\/\/efactuurhub.be\/wp-content\/uploads\/2025\/10\/Ekran-Resmi-2025-10-17-15.22.17.png?resize=800%2C600",800,600,true],"newspack-article-block-portrait-medium":["https:\/\/efactuurhub.be\/wp-content\/uploads\/2025\/10\/Ekran-Resmi-2025-10-17-15.22.17.png?resize=600%2C676",600,676,true],"newspack-article-block-square-medium":["https:\/\/efactuurhub.be\/wp-content\/uploads\/2025\/10\/Ekran-Resmi-2025-10-17-15.22.17.png?resize=800%2C676",800,676,true],"newspack-article-block-landscape-intermediate":["https:\/\/efactuurhub.be\/wp-content\/uploads\/2025\/10\/Ekran-Resmi-2025-10-17-15.22.17.png?resize=600%2C450",600,450,true],"newspack-article-block-portrait-intermediate":["https:\/\/efactuurhub.be\/wp-content\/uploads\/2025\/10\/Ekran-Resmi-2025-10-17-15.22.17.png?resize=450%2C600",450,600,true],"newspack-article-block-square-intermediate":["https:\/\/efactuurhub.be\/wp-content\/uploads\/2025\/10\/Ekran-Resmi-2025-10-17-15.22.17.png?resize=600%2C600",600,600,true],"newspack-article-block-landscape-small":["https:\/\/efactuurhub.be\/wp-content\/uploads\/2025\/10\/Ekran-Resmi-2025-10-17-15.22.17.png?resize=400%2C300",400,300,true],"newspack-article-block-portrait-small":["https:\/\/efactuurhub.be\/wp-content\/uploads\/2025\/10\/Ekran-Resmi-2025-10-17-15.22.17.png?resize=300%2C400",300,400,true],"newspack-article-block-square-small":["https:\/\/efactuurhub.be\/wp-content\/uploads\/2025\/10\/Ekran-Resmi-2025-10-17-15.22.17.png?resize=400%2C400",400,400,true],"newspack-article-block-landscape-tiny":["https:\/\/efactuurhub.be\/wp-content\/uploads\/2025\/10\/Ekran-Resmi-2025-10-17-15.22.17.png?resize=200%2C150",200,150,true],"newspack-article-block-portrait-tiny":["https:\/\/efactuurhub.be\/wp-content\/uploads\/2025\/10\/Ekran-Resmi-2025-10-17-15.22.17.png?resize=150%2C200",150,200,true],"newspack-article-block-square-tiny":["https:\/\/efactuurhub.be\/wp-content\/uploads\/2025\/10\/Ekran-Resmi-2025-10-17-15.22.17.png?resize=200%2C200",200,200,true],"newspack-article-block-uncropped":["https:\/\/efactuurhub.be\/wp-content\/uploads\/2025\/10\/Ekran-Resmi-2025-10-17-15.22.17.png?fit=1126%2C676",1126,676,true]},"uagb_author_info":{"display_name":"einvoicegermany.com","author_link":"https:\/\/efactuurhub.be\/fr\/author\/melacore2204\/"},"uagb_comment_info":0,"uagb_excerpt":"E-facturatie wordt binnenkort de standaard in Belgi\u00eb. Vanaf 1 januari 2026 moeten heel wat ondernemers hun facturen verplicht verzenden via [&hellip;]","jetpack_likes_enabled":false,"jetpack_sharing_enabled":true,"jetpack_shortlink":"https:\/\/wp.me\/pgu5v6-Uq","jetpack-related-posts":[{"id":1114,"url":"https:\/\/efactuurhub.be\/fr\/b2b-e-facturatie-2026-verplicht-belgie\/","url_meta":{"origin":3498,"position":0},"title":"B2B e-facturatie vanaf 2026 verplicht in Belgi\u00eb Hoe bereid je je als freelancer of onderneming voor?\u00a0","author":"einvoicegermany.com","date":"mai 2, 2025","format":false,"excerpt":"B2B e-facturatie vanaf2026 verplicht in Belgi\u00ebHoe bereid je je alsfreelancer ofonderneming voor?\u00a0 B2B e-facturatie vanaf 2026 verplicht in Belgi\u00eb Hoe bereid je je als freelancer of onderneming voor?\u00a0 Vanaf 2026 wordt elektronische facturatie verplicht voor alle B2B-transacties in Belgi\u00eb. Dit betekent dat elke ondernemer, van zelfstandige freelancer tot grote onderneming,\u2026","rel":"","context":"Article similaire","block_context":{"text":"Article similaire","link":""},"img":{"alt_text":"belcikablog_kapak","src":"https:\/\/efactuurhub.be\/wp-content\/uploads\/2025\/05\/belcika_blog1.jpg?fit=1200%2C627&resize=350%2C200","width":350,"height":200,"srcset":"https:\/\/efactuurhub.be\/wp-content\/uploads\/2025\/05\/belcika_blog1.jpg?fit=1200%2C627&resize=350%2C200 1x, https:\/\/efactuurhub.be\/wp-content\/uploads\/2025\/05\/belcika_blog1.jpg?fit=1200%2C627&resize=525%2C300 1.5x, https:\/\/efactuurhub.be\/wp-content\/uploads\/2025\/05\/belcika_blog1.jpg?fit=1200%2C627&resize=700%2C400 2x, https:\/\/efactuurhub.be\/wp-content\/uploads\/2025\/05\/belcika_blog1.jpg?fit=1200%2C627&resize=1050%2C600 3x"},"classes":[]},{"id":1040,"url":"https:\/\/efactuurhub.be\/fr\/peppol-e-facturatie-verplicht-in-belgie\/","url_meta":{"origin":3498,"position":1},"title":"Is jouw bedrijf voorbereid op de Peppol verplichting in Belgi\u00eb?","author":"einvoicegermany.com","date":"avril 30, 2025","format":false,"excerpt":"Is jouw bedrijf klaarvoor Peppol in Belgi\u00eb? Bereid je bedrijf voor op de Peppolnormen van 2026 met efactuurhubWees klaar voor 2026 in Belgi\u00eb!! Is jouw bedrijf voorbereid op de Peppol-verplichting in Belgi\u00eb?\u00a0 Vanaf 1 januari 2026 gaat er veel veranderen voor Belgische bedrijven. Op die datum wordt elektronische facturatie in\u2026","rel":"","context":"Article similaire","block_context":{"text":"Article similaire","link":""},"img":{"alt_text":"belgium e-invoicing","src":"https:\/\/efactuurhub.be\/wp-content\/uploads\/2025\/04\/belgium-e-invoicing-process.png?fit=1200%2C675&resize=350%2C200","width":350,"height":200,"srcset":"https:\/\/efactuurhub.be\/wp-content\/uploads\/2025\/04\/belgium-e-invoicing-process.png?fit=1200%2C675&resize=350%2C200 1x, https:\/\/efactuurhub.be\/wp-content\/uploads\/2025\/04\/belgium-e-invoicing-process.png?fit=1200%2C675&resize=525%2C300 1.5x, https:\/\/efactuurhub.be\/wp-content\/uploads\/2025\/04\/belgium-e-invoicing-process.png?fit=1200%2C675&resize=700%2C400 2x, https:\/\/efactuurhub.be\/wp-content\/uploads\/2025\/04\/belgium-e-invoicing-process.png?fit=1200%2C675&resize=1050%2C600 3x"},"classes":[]},{"id":2586,"url":"https:\/\/efactuurhub.be\/fr\/e-facturatie-verplicht-belgie\/","url_meta":{"origin":3498,"position":2},"title":"Wat is e-facturatie en waarom wordt het verplicht in Belgi\u00eb?","author":"einvoicegermany.com","date":"ao\u00fbt 4, 2025","format":false,"excerpt":"In Belgi\u00eb staat digitale facturatie volop in de belangstelling. Vanaf 1 januari 2026 wordt e-facturatie verplicht voor B2B-transacties. Maar wat betekent dat precies? En wat moet je als bedrijf doen om in orde te zijn? In dit artikel leggen we alles helder uit: van Peppol tot btw verlegd, van factuur\u2026","rel":"","context":"Dans \"E-facturatie\"","block_context":{"text":"E-facturatie","link":"https:\/\/efactuurhub.be\/fr\/tag\/e-facturatie\/"},"img":{"alt_text":"Belgium e-factuur","src":"https:\/\/efactuurhub.be\/wp-content\/uploads\/2025\/08\/e-factuur-blog.jpg?fit=1200%2C627&resize=350%2C200","width":350,"height":200,"srcset":"https:\/\/efactuurhub.be\/wp-content\/uploads\/2025\/08\/e-factuur-blog.jpg?fit=1200%2C627&resize=350%2C200 1x, https:\/\/efactuurhub.be\/wp-content\/uploads\/2025\/08\/e-factuur-blog.jpg?fit=1200%2C627&resize=525%2C300 1.5x, https:\/\/efactuurhub.be\/wp-content\/uploads\/2025\/08\/e-factuur-blog.jpg?fit=1200%2C627&resize=700%2C400 2x, https:\/\/efactuurhub.be\/wp-content\/uploads\/2025\/08\/e-factuur-blog.jpg?fit=1200%2C627&resize=1050%2C600 3x"},"classes":[]},{"id":2490,"url":"https:\/\/efactuurhub.be\/fr\/e-facturatie-verplicht-belgie-2026\/","url_meta":{"origin":3498,"position":3},"title":"Vanaf 2026 wordt e-facturatie verplicht voor Belgische bedrijven: Wat betekent dit voor u?\u00a0","author":"einvoicegermany.com","date":"juillet 29, 2025","format":false,"excerpt":"De Belgische overheid zet een grote stap richting digitale transformatie in de bedrijfswereld. Vanaf 1 januari 2026 wordt e-facturatie verplicht voor alle B2B-transacties tussen btw-plichtige ondernemingen die in Belgi\u00eb zijn gevestigd. Klassieke facturen in pdf-formaat die via e-mail worden verzonden, zullen dan niet meer voldoen aan de wettelijke vereisten. Dit\u2026","rel":"","context":"Article similaire","block_context":{"text":"Article similaire","link":""},"img":{"alt_text":"efactuur einvoice","src":"https:\/\/efactuurhub.be\/wp-content\/uploads\/2025\/07\/efactuur_einvoice.jpg?fit=1200%2C627&resize=350%2C200","width":350,"height":200,"srcset":"https:\/\/efactuurhub.be\/wp-content\/uploads\/2025\/07\/efactuur_einvoice.jpg?fit=1200%2C627&resize=350%2C200 1x, https:\/\/efactuurhub.be\/wp-content\/uploads\/2025\/07\/efactuur_einvoice.jpg?fit=1200%2C627&resize=525%2C300 1.5x, https:\/\/efactuurhub.be\/wp-content\/uploads\/2025\/07\/efactuur_einvoice.jpg?fit=1200%2C627&resize=700%2C400 2x, https:\/\/efactuurhub.be\/wp-content\/uploads\/2025\/07\/efactuur_einvoice.jpg?fit=1200%2C627&resize=1050%2C600 3x"},"classes":[]},{"id":2449,"url":"https:\/\/efactuurhub.be\/fr\/freelancer-facturatie-belgie-peppol\/","url_meta":{"origin":3498,"position":4},"title":"Fran\u00e7ais Comment facturer vos clients en tant que freelance en Belgique : Guide \u00e9tape par \u00e9tape","author":"einvoicegermany.com","date":"juillet 18, 2025","format":false,"excerpt":"Hoe factureer je klanten als freelancer in Belgi\u00eb: Een stapsgewijze gids ettelijk verplicht om hun zakelijke facturen elektronisch te versturen via het Peppol-netwerk. Dit betekent een grote verandering in de manier waarop freelancers hun facturatie aanpakken, van traditionele papieren of e-mail-PDF-facturen naar gestructureerde elektronische facturen die voldoen aan de nieuwe\u2026","rel":"","context":"Article similaire","block_context":{"text":"Article similaire","link":""},"img":{"alt_text":"","src":"https:\/\/efactuurhub.be\/wp-content\/uploads\/2025\/07\/Belgium-e-invoicing-how-to-invoice-as-a-freelancer-in-Belgium-2-1.png?fit=1200%2C627&resize=350%2C200","width":350,"height":200,"srcset":"https:\/\/efactuurhub.be\/wp-content\/uploads\/2025\/07\/Belgium-e-invoicing-how-to-invoice-as-a-freelancer-in-Belgium-2-1.png?fit=1200%2C627&resize=350%2C200 1x, https:\/\/efactuurhub.be\/wp-content\/uploads\/2025\/07\/Belgium-e-invoicing-how-to-invoice-as-a-freelancer-in-Belgium-2-1.png?fit=1200%2C627&resize=525%2C300 1.5x, https:\/\/efactuurhub.be\/wp-content\/uploads\/2025\/07\/Belgium-e-invoicing-how-to-invoice-as-a-freelancer-in-Belgium-2-1.png?fit=1200%2C627&resize=700%2C400 2x, https:\/\/efactuurhub.be\/wp-content\/uploads\/2025\/07\/Belgium-e-invoicing-how-to-invoice-as-a-freelancer-in-Belgium-2-1.png?fit=1200%2C627&resize=1050%2C600 3x"},"classes":[]},{"id":2311,"url":"https:\/\/efactuurhub.be\/fr\/digitale-factuur-aanmaken\/","url_meta":{"origin":3498,"position":5},"title":"Hoe een Digitale Factuur of Elektronische Factuur Aanmaken: Een Eenvoudige Gids voor Freelancers en KMO&#8217;s","author":"einvoicegermany.com","date":"juin 19, 2025","format":false,"excerpt":"Hoe een Digitale Factuur of Elektronische Factuur Aanmaken:Een Eenvoudige Gids voor Freelancers en KMO's Als freelancer of kleine ondernemer in Belgi\u00eb heb je waarschijnlijk al gehoord dat digitale facturatie steeds belangrijker wordt. Met overheidsregels die binnenkort elektronische facturen verplicht stellen, is dit het ideale moment om te begrijpen hoe het\u2026","rel":"","context":"Article similaire","block_context":{"text":"Article similaire","link":""},"img":{"alt_text":"e factuur blog flemenkc\u0327e","src":"https:\/\/efactuurhub.be\/wp-content\/uploads\/2025\/06\/e-factuur-blog-flemenkce.jpg?fit=1200%2C627&resize=350%2C200","width":350,"height":200,"srcset":"https:\/\/efactuurhub.be\/wp-content\/uploads\/2025\/06\/e-factuur-blog-flemenkce.jpg?fit=1200%2C627&resize=350%2C200 1x, https:\/\/efactuurhub.be\/wp-content\/uploads\/2025\/06\/e-factuur-blog-flemenkce.jpg?fit=1200%2C627&resize=525%2C300 1.5x, https:\/\/efactuurhub.be\/wp-content\/uploads\/2025\/06\/e-factuur-blog-flemenkce.jpg?fit=1200%2C627&resize=700%2C400 2x, https:\/\/efactuurhub.be\/wp-content\/uploads\/2025\/06\/e-factuur-blog-flemenkce.jpg?fit=1200%2C627&resize=1050%2C600 3x"},"classes":[]}],"jetpack_featured_media_url":"https:\/\/efactuurhub.be\/wp-content\/uploads\/2025\/10\/Ekran-Resmi-2025-10-17-15.22.17.png?fit=1126%2C676","_links":{"self":[{"href":"https:\/\/efactuurhub.be\/fr\/wp-json\/wp\/v2\/posts\/3498","targetHints":{"allow":["GET"]}}],"collection":[{"href":"https:\/\/efactuurhub.be\/fr\/wp-json\/wp\/v2\/posts"}],"about":[{"href":"https:\/\/efactuurhub.be\/fr\/wp-json\/wp\/v2\/types\/post"}],"author":[{"embeddable":true,"href":"https:\/\/efactuurhub.be\/fr\/wp-json\/wp\/v2\/users\/263848013"}],"replies":[{"embeddable":true,"href":"https:\/\/efactuurhub.be\/fr\/wp-json\/wp\/v2\/comments?post=3498"}],"version-history":[{"count":7,"href":"https:\/\/efactuurhub.be\/fr\/wp-json\/wp\/v2\/posts\/3498\/revisions"}],"predecessor-version":[{"id":3512,"href":"https:\/\/efactuurhub.be\/fr\/wp-json\/wp\/v2\/posts\/3498\/revisions\/3512"}],"wp:featuredmedia":[{"embeddable":true,"href":"https:\/\/efactuurhub.be\/fr\/wp-json\/wp\/v2\/media\/3507"}],"wp:attachment":[{"href":"https:\/\/efactuurhub.be\/fr\/wp-json\/wp\/v2\/media?parent=3498"}],"wp:term":[{"taxonomy":"category","embeddable":true,"href":"https:\/\/efactuurhub.be\/fr\/wp-json\/wp\/v2\/categories?post=3498"},{"taxonomy":"post_tag","embeddable":true,"href":"https:\/\/efactuurhub.be\/fr\/wp-json\/wp\/v2\/tags?post=3498"}],"curies":[{"name":"wp","href":"https:\/\/api.w.org\/{rel}","templated":true}]}}